{"id":70,"date":"2025-03-03T16:46:50","date_gmt":"2025-03-03T19:46:50","guid":{"rendered":"https:\/\/www.elemag.com.br\/blog\/?p=70"},"modified":"2026-01-12T15:15:34","modified_gmt":"2026-01-12T18:15:34","slug":"conquista-da-elemag-premio-na-conferencia-danfoss-destaca-crescimento-e-inovacao","status":"publish","type":"post","link":"https:\/\/www.elemag.com.br\/blog\/elemag-amister\/conquista-da-elemag-premio-na-conferencia-danfoss-destaca-crescimento-e-inovacao\/","title":{"rendered":"Conquista da Elemag Amister: pr\u00eamio na confer\u00eancia Danfoss destaca crescimento e inova\u00e7\u00e3o"},"content":{"rendered":"\n<p class=\"has-medium-font-size\"><strong><em>Veja como a empresa se destacou e o impacto dessa premia\u00e7\u00e3o para clientes e parceiros.<\/em><\/strong><\/p>\n\n\n\n<p>A confer\u00eancia Danfoss em Foz do Igua\u00e7u \u00e9 um evento de destaque no setor, reunindo l\u00edderes empresariais e diretores de empresas parceiras para discutir inova\u00e7\u00e3o, tecnologia e as tend\u00eancias que moldam o futuro da ind\u00fastria.&nbsp;<\/p>\n\n\n\n<p>Este evento exclusivo, o <strong>Danfoss Drives Innovate \u2013 Partners Conference Brasil 2025<\/strong>, foi o palco para a premia\u00e7\u00e3o de empresas que se destacaram em termos de crescimento, inova\u00e7\u00e3o e desempenho no setor. A participa\u00e7\u00e3o da Elemag Amister, que conquistou o <strong>3\u00ba lugar no Pr\u00eamio PEP<\/strong>, \u00e9 uma evid\u00eancia do seu compromisso cont\u00ednuo com a excel\u00eancia e da sua contribui\u00e7\u00e3o significativa para o desenvolvimento do setor.<\/p>\n\n\n\n<ul class=\"wp-block-list\">\n<li><a href=\"https:\/\/www.elemag.com.br\/blog\/2025\/03\/06\/mulheres-na-industria-desafios-conquistas-e-o-futuro-da-automacao\/\">Mulheres na ind\u00fastria: desafios, conquistas e o futuro da automa\u00e7\u00e3o<\/a><\/li>\n<\/ul>\n\n\n\n<h2 class=\"wp-block-heading\">Conhe\u00e7a a Danfoss e sua relev\u00e2ncia no setor<\/h2>\n\n\n\n<p>A Danfoss, uma empresa globalmente reconhecida, est\u00e1 na vanguarda da transforma\u00e7\u00e3o industrial e tecnol\u00f3gica. Seu compromisso com a <strong>inova\u00e7\u00e3o e sustentabilidade<\/strong> tem sido um pilar fundamental para a constru\u00e7\u00e3o de um futuro melhor e mais sustent\u00e1vel para todos.<\/p>\n\n\n<div class=\"wp-block-image\">\n<figure class=\"alignright size-full is-resized\"><img loading=\"lazy\" decoding=\"async\" width=\"1080\" height=\"1350\" src=\"https:\/\/www.elemag.com.br\/blog\/wp-content\/uploads\/2025\/04\/1743704445_6d98bb_whatsapp_image_20250403_at_151114_1.jpeg\" alt=\"\" class=\"wp-image-72\" style=\"width:311px;height:auto\"\/><\/figure>\n<\/div>\n\n\n<p>Com mais de 80 anos de hist\u00f3ria, a Danfoss \u00e9 um exemplo claro de como as tecnologias podem ser usadas para melhorar a vida das pessoas, ao mesmo tempo em que impulsionam o crescimento econ\u00f4mico e reduzem impactos ambientais.<\/p>\n\n\n\n<p>A Danfoss tem se destacado por desenvolver <strong>tecnologias energeticamente eficientes<\/strong> que ajudam a criar <strong>comunidades e ind\u00fastrias inteligentes<\/strong>. Suas solu\u00e7\u00f5es inovadoras s\u00e3o capazes de transformar setores inteiros, melhorando o conforto, a efici\u00eancia energ\u00e9tica e a sustentabilidade das opera\u00e7\u00f5es industriais.&nbsp;<\/p>\n\n\n\n<p>A empresa se concentra em fornecer solu\u00e7\u00f5es que promovem <strong>climas mais saud\u00e1veis e confort\u00e1veis<\/strong> em edif\u00edcios e resid\u00eancias, al\u00e9m de aumentar a produ\u00e7\u00e3o de alimentos com <strong>menos desperd\u00edcio<\/strong>.<\/p>\n\n\n\n<p>As tecnologias da Danfoss n\u00e3o apenas atendem \u00e0s necessidades de efici\u00eancia energ\u00e9tica, mas tamb\u00e9m garantem um impacto positivo no meio ambiente e nas comunidades. A empresa se posiciona como uma l\u00edder de mercado, oferecendo solu\u00e7\u00f5es que transformam o setor e trazem benef\u00edcios tang\u00edveis para empresas e consumidores em todo o mundo.<\/p>\n\n\n\n<ul class=\"wp-block-list\">\n<li><a href=\"https:\/\/www.elemag.com.br\/blog\/2025\/01\/31\/a-importancia-da-manutencao-preventiva-em-inversores-de-frequencia-para-a-industria\/\">A Import\u00e2ncia da manuten\u00e7\u00e3o preventiva em inversores de frequ\u00eancia para a ind\u00fastria<\/a><\/li>\n<\/ul>\n\n\n\n<h2 class=\"wp-block-heading\">A presen\u00e7a da Elemag Amister na confer\u00eancia Danfoss<\/h2>\n\n\n\n<p>A <strong>Elemag Amister<\/strong> marcou presen\u00e7a no Danfoss Drives Innovate \u2013 Partners Conference Brasil 2025 com uma equipe de diretores focados em aprender, compartilhar e absorver insights valiosos para o futuro da empresa.&nbsp;<\/p>\n\n\n\n<p>O evento n\u00e3o foi apenas uma oportunidade para discutir <strong>inova\u00e7\u00f5es tecnol\u00f3gicas<\/strong>, mas tamb\u00e9m para trocar ideias sobre as <strong>tend\u00eancias que est\u00e3o moldando o setor de materiais el\u00e9tricos<\/strong>.&nbsp;<\/p>\n\n\n\n<p>Durante a confer\u00eancia Danfoss, as tend\u00eancias mais discutidas inclu\u00edram a import\u00e2ncia das <strong>tecnologias sustent\u00e1veis<\/strong>, a <strong>transforma\u00e7\u00e3o digital<\/strong> nos processos industriais e as <strong>solu\u00e7\u00f5es integradas<\/strong> que tornam as opera\u00e7\u00f5es mais eficientes e resilientes. A Elemag Amister, com seu compromisso com <strong>tecnologia de ponta e solu\u00e7\u00f5es sustent\u00e1veis<\/strong>, se destacou como um membro importante no setor, absorvendo esses conhecimentos para aplicar em sua estrat\u00e9gia de crescimento.<\/p>\n\n\n\n<p>A presen\u00e7a no evento tamb\u00e9m evidenciou o <strong>compromisso da Elemag Amister com a inova\u00e7\u00e3o e a busca constante por parcerias estrat\u00e9gicas<\/strong>. A troca de ideias e o networking com outras empresas parceiras da Danfoss abriram novas perspectivas para a empresa ampliar seu portf\u00f3lio de solu\u00e7\u00f5es e continuar a oferecer os melhores produtos e servi\u00e7os aos seus clientes.<\/p>\n\n\n\n<ul class=\"wp-block-list\">\n<li><a href=\"https:\/\/www.elemag.com.br\/blog\/2024\/12\/02\/qual-e-o-melhor-para-sua-industria-veja-quando-escolher-soft-starter-e-inversor-de-frequencia\/\">Qual \u00e9 o melhor para sua ind\u00fastria? Veja quando escolher soft starter e inversor de frequ\u00eancia<\/a><\/li>\n<\/ul>\n\n\n\n<h2 class=\"wp-block-heading\">Pr\u00eamio PEP \u2013 Crescimento Geral 2024&#215;2023<\/h2>\n\n\n\n<p>No contexto da confer\u00eancia Danfoss, um dos momentos mais aguardados foi a premia\u00e7\u00e3o de empresas que se destacaram em v\u00e1rias categorias. A <strong>Elemag Amister<\/strong> foi premiada com o <strong>3\u00ba lugar no Pr\u00eamio PEP<\/strong>, na categoria de <strong>Crescimento Geral 2024&#215;2023<\/strong>. Este pr\u00eamio \u00e9 um reflexo da evolu\u00e7\u00e3o constante da empresa, que, ano ap\u00f3s ano, tem se destacado pelo seu compromisso com a qualidade, inova\u00e7\u00e3o e desenvolvimento sustent\u00e1vel.<\/p>\n\n\n\n<h3 class=\"wp-block-heading\"><strong>A conquista da Elemag<\/strong> Amister <\/h3>\n\n\n<div class=\"wp-block-image\">\n<figure class=\"alignright size-full is-resized\"><img loading=\"lazy\" decoding=\"async\" width=\"1080\" height=\"1350\" src=\"https:\/\/www.elemag.com.br\/blog\/wp-content\/uploads\/2025\/04\/1743704447_aeaaca_whatsapp_image_20250403_at_151114.jpeg\" alt=\"\" class=\"wp-image-73\" style=\"width:364px;height:auto\"\/><\/figure>\n<\/div>\n\n\n<p>A <strong>conquista da Elemag<\/strong> Amister foi resultado de <strong>transforma\u00e7\u00f5es internas<\/strong>, desafios superados e uma s\u00e9rie de <strong>conquistas estrat\u00e9gicas<\/strong> ao longo de 2024. A empresa implementou solu\u00e7\u00f5es inovadoras que n\u00e3o apenas melhoraram sua <strong>efici\u00eancia operacional<\/strong>, mas tamb\u00e9m ampliaram sua capacidade de atender a um n\u00famero crescente de clientes com <strong>solu\u00e7\u00f5es customizadas e de alto valor agregado<\/strong>.\u00a0<\/p>\n\n\n\n<p>Essas a\u00e7\u00f5es permitiram um crescimento substancial em rela\u00e7\u00e3o ao ano anterior, o que consolidou a posi\u00e7\u00e3o da Elemag Amister como uma refer\u00eancia no setor de <strong>materiais el\u00e9tricos e solu\u00e7\u00f5es industriais<\/strong>.<\/p>\n\n\n\n<p>Al\u00e9m disso, a parceria de longa data com a <strong>Danfoss<\/strong> foi essencial para o sucesso da Elemag Amister, uma vez que as tecnologias e os produtos de ponta da Danfoss t\u00eam sido fundamentais para o desenvolvimento de solu\u00e7\u00f5es mais eficientes e sustent\u00e1veis, o que proporcionou uma vantagem competitiva para a Elemag.<\/p>\n\n\n\n<h3 class=\"wp-block-heading\"><strong>Impacto desse reconhecimento para a empresa e seus clientes<\/strong><\/h3>\n\n\n\n<p>O pr\u00eamio tem um impacto significativo para a Elemag Amister, pois refor\u00e7a o reconhecimento do seu trabalho \u00e1rduo e da <strong>dedica\u00e7\u00e3o de sua equipe<\/strong>. Para os <strong>clientes da Elemag<\/strong> <strong>Amister<\/strong>, essa premia\u00e7\u00e3o \u00e9 um sinal claro de que a empresa est\u00e1 no caminho certo, oferecendo solu\u00e7\u00f5es de alta qualidade e com compromisso com a inova\u00e7\u00e3o.\u00a0<\/p>\n\n\n\n<ul class=\"wp-block-list\">\n<li><a href=\"https:\/\/www.elemag.com.br\/blog\/2024\/11\/28\/como-a-implantacao-de-projetos-de-mineracao-personalizados-pode-transformar-seu-negocio\/\">Como a implanta\u00e7\u00e3o de projetos de minera\u00e7\u00e3o personalizados pode transformar seu neg\u00f3cio<\/a><\/li>\n<\/ul>\n\n\n\n<h2 class=\"wp-block-heading\">Import\u00e2ncia da confer\u00eancia Danfoss para inova\u00e7\u00e3o e crescimento do setor: perspectivas para 2025<\/h2>\n\n\n\n<p>Eventos como a <strong>confer\u00eancia Danfoss<\/strong> e premia\u00e7\u00f5es como o <strong>Pr\u00eamio PEP<\/strong> s\u00e3o fundamentais para a <strong>inova\u00e7\u00e3o e o crescimento do setor<\/strong>. A troca de conhecimentos, o networking e a discuss\u00e3o de tend\u00eancias ajudam as empresas a se posicionarem de maneira mais estrat\u00e9gica e a desenvolver solu\u00e7\u00f5es que atendem \u00e0s novas demandas do mercado.&nbsp;<\/p>\n\n\n\n<p>A <strong>Elemag Amister<\/strong> se beneficiou imensamente ao participar de um evento que reuniu os principais l\u00edderes do setor, permitindo que absorvesse insights valiosos sobre o futuro da ind\u00fastria e das tecnologias que impulsionam a transforma\u00e7\u00e3o digital.<\/p>\n\n\n\n<p>Com base nos aprendizados adquiridos, a Elemag Amister pretende <strong>aplicar as inova\u00e7\u00f5es<\/strong> discutidas durante a confer\u00eancia para aprimorar ainda mais seu desempenho e fortalecer parcerias estrat\u00e9gicas, sempre com o objetivo de <strong>oferecer as melhores solu\u00e7\u00f5es aos seus clientes<\/strong>. A empresa segue comprometida em expandir sua atua\u00e7\u00e3o, aprimorar suas solu\u00e7\u00f5es e alcan\u00e7ar novos marcos de crescimento.<\/p>\n\n\n\n<p>Com o pr\u00eamio em m\u00e3os e a motiva\u00e7\u00e3o renovada, a Elemag Amister est\u00e1 pronta para um <strong>2025 de ainda mais crescimento e novas conquistas<\/strong>. A premia\u00e7\u00e3o refor\u00e7a sua posi\u00e7\u00e3o como uma <strong>empresa premiada<\/strong> e inovadora, comprometida em liderar a transforma\u00e7\u00e3o no setor de materiais el\u00e9tricos e solu\u00e7\u00f5es industriais.<\/p>\n\n\n\n<p><strong>Descubra as solu\u00e7\u00f5es inovadoras da Elemag Amister e como podemos impulsionar o crescimento do seu neg\u00f3cio!<\/strong><\/p>\n\n\n\n<p>Visite nosso site e saiba mais sobre como nossas parcerias estrat\u00e9gicas e tecnologias de ponta, como as apresentadas no Danfoss Drives Innovate, podem transformar suas opera\u00e7\u00f5es. <strong>Entre em contato conosco e vamos juntos construir um futuro mais eficiente e sustent\u00e1vel!<\/strong><\/p>\n\n\n\n<p><a href=\"https:\/\/www.aedrives.com\/\"><strong>Visite o site da Elemag Amister!<\/strong><\/a><\/p>\n","protected":false},"excerpt":{"rendered":"<p>Veja como a empresa se destacou e o impacto dessa premia\u00e7\u00e3o para clientes e parceiros. A confer\u00eancia Danfoss em Foz do Igua\u00e7u \u00e9 um evento de destaque no setor, reunindo l\u00edderes empresariais e diretores de empresas parceiras para discutir inova\u00e7\u00e3o, tecnologia e as tend\u00eancias que moldam o futuro da ind\u00fastria.&nbsp; Este evento exclusivo, o Danfoss &hellip; <\/p>\n","protected":false},"author":1,"featured_media":153,"comment_status":"open","ping_status":"open","sticky":false,"template":"","format":"standard","meta":{"footnotes":""},"categories":[360],"tags":[361,366,375,365,363,373,374,370,368,371,362,364,372,369,367],"class_list":["post-70","post","type-post","status-publish","format-standard","has-post-thumbnail","hentry","category-elemag-amister","tag-conferencia-danfoss","tag-danfoss-drives-innovate","tag-danfoss-drives-innovate-brasil","tag-elemag-amister","tag-empresa-premiada","tag-eventos-de-inovacao-industrial","tag-industria-eletrica","tag-industria-eletrica-nacional","tag-inovacao-no-setor-de-materiais-eletricos","tag-inovacao-no-setor-industrial","tag-premiacao-danfoss","tag-premio-pep","tag-premio-pep-2024","tag-setor-de-materiais-eletricos","tag-tecnologias-sustentaveis"],"yoast_head":"<!-- This site is optimized with the Yoast SEO plugin v24.8.1 - https:\/\/yoast.com\/wordpress\/plugins\/seo\/ -->\n<title>Conquista da Elemag Amister: pr\u00eamio na confer\u00eancia Danfoss destaca crescimento e inova\u00e7\u00e3o - Blog Elemag<\/title>\n<meta name=\"description\" content=\"Veja como a empresa se destacou e o impacto dessa premia\u00e7\u00e3o para clientes e parceiros.\" \/>\n<meta name=\"robots\" content=\"index, follow, max-snippet:-1, max-image-preview:large, max-video-preview:-1\" \/>\n<link rel=\"canonical\" href=\"https:\/\/www.elemag.com.br\/blog\/elemag-amister\/conquista-da-elemag-premio-na-conferencia-danfoss-destaca-crescimento-e-inovacao\/\" \/>\n<meta property=\"og:locale\" content=\"pt_BR\" \/>\n<meta property=\"og:type\" content=\"article\" \/>\n<meta property=\"og:title\" content=\"Conquista da Elemag Amister: pr\u00eamio na confer\u00eancia Danfoss destaca crescimento e inova\u00e7\u00e3o - Blog Elemag\" \/>\n<meta property=\"og:description\" content=\"Veja como a empresa se destacou e o impacto dessa premia\u00e7\u00e3o para clientes e parceiros.\" \/>\n<meta property=\"og:url\" content=\"https:\/\/www.elemag.com.br\/blog\/elemag-amister\/conquista-da-elemag-premio-na-conferencia-danfoss-destaca-crescimento-e-inovacao\/\" \/>\n<meta property=\"og:site_name\" content=\"Blog Elemag\" \/>\n<meta property=\"article:published_time\" content=\"2025-03-03T19:46:50+00:00\" \/>\n<meta property=\"article:modified_time\" content=\"2026-01-12T18:15:34+00:00\" \/>\n<meta property=\"og:image\" content=\"https:\/\/www.elemag.com.br\/blog\/wp-content\/uploads\/2025\/03\/1752609217_468e1c_e3360aacd39349ad8576801e0750efd9.jpg\" \/>\n\t<meta property=\"og:image:width\" content=\"1600\" \/>\n\t<meta property=\"og:image:height\" content=\"900\" \/>\n\t<meta property=\"og:image:type\" content=\"image\/jpeg\" \/>\n<meta name=\"author\" content=\"admin\" \/>\n<meta name=\"twitter:card\" content=\"summary_large_image\" \/>\n<meta name=\"twitter:label1\" content=\"Escrito por\" \/>\n\t<meta name=\"twitter:data1\" content=\"admin\" \/>\n\t<meta name=\"twitter:label2\" content=\"Est. tempo de leitura\" \/>\n\t<meta name=\"twitter:data2\" content=\"7 minutos\" \/>\n<script type=\"application\/ld+json\" class=\"yoast-schema-graph\">{\"@context\":\"https:\/\/schema.org\",\"@graph\":[{\"@type\":\"Article\",\"@id\":\"https:\/\/www.elemag.com.br\/blog\/elemag-amister\/conquista-da-elemag-premio-na-conferencia-danfoss-destaca-crescimento-e-inovacao\/#article\",\"isPartOf\":{\"@id\":\"https:\/\/www.elemag.com.br\/blog\/elemag-amister\/conquista-da-elemag-premio-na-conferencia-danfoss-destaca-crescimento-e-inovacao\/\"},\"author\":{\"name\":\"admin\",\"@id\":\"https:\/\/www.elemag.com.br\/blog\/#\/schema\/person\/d241385bbe2867bea5cfd8918950489b\"},\"headline\":\"Conquista da Elemag Amister: pr\u00eamio na confer\u00eancia Danfoss destaca crescimento e inova\u00e7\u00e3o\",\"datePublished\":\"2025-03-03T19:46:50+00:00\",\"dateModified\":\"2026-01-12T18:15:34+00:00\",\"mainEntityOfPage\":{\"@id\":\"https:\/\/www.elemag.com.br\/blog\/elemag-amister\/conquista-da-elemag-premio-na-conferencia-danfoss-destaca-crescimento-e-inovacao\/\"},\"wordCount\":1258,\"commentCount\":0,\"publisher\":{\"@id\":\"https:\/\/www.elemag.com.br\/blog\/#organization\"},\"image\":{\"@id\":\"https:\/\/www.elemag.com.br\/blog\/elemag-amister\/conquista-da-elemag-premio-na-conferencia-danfoss-destaca-crescimento-e-inovacao\/#primaryimage\"},\"thumbnailUrl\":\"https:\/\/www.elemag.com.br\/blog\/wp-content\/uploads\/2025\/03\/1752609217_468e1c_e3360aacd39349ad8576801e0750efd9.jpg\",\"keywords\":[\"Confer\u00eancia Danfoss\",\"Danfoss Drives Innovate\",\"Danfoss Drives Innovate Brasil\",\"Elemag Amister\",\"Empresa premiada\",\"Eventos de inova\u00e7\u00e3o industrial\",\"Ind\u00fastria el\u00e9trica\",\"Ind\u00fastria el\u00e9trica nacional\",\"Inova\u00e7\u00e3o no setor de materiais el\u00e9tricos\",\"Inova\u00e7\u00e3o no setor industrial\",\"Premia\u00e7\u00e3o Danfoss\",\"Pr\u00eamio PEP\",\"Pr\u00eamio PEP 2024\",\"Setor de materiais el\u00e9tricos\",\"Tecnologias sustent\u00e1veis\"],\"articleSection\":[\"Elemag Amister\"],\"inLanguage\":\"pt-BR\",\"potentialAction\":[{\"@type\":\"CommentAction\",\"name\":\"Comment\",\"target\":[\"https:\/\/www.elemag.com.br\/blog\/elemag-amister\/conquista-da-elemag-premio-na-conferencia-danfoss-destaca-crescimento-e-inovacao\/#respond\"]}]},{\"@type\":\"WebPage\",\"@id\":\"https:\/\/www.elemag.com.br\/blog\/elemag-amister\/conquista-da-elemag-premio-na-conferencia-danfoss-destaca-crescimento-e-inovacao\/\",\"url\":\"https:\/\/www.elemag.com.br\/blog\/elemag-amister\/conquista-da-elemag-premio-na-conferencia-danfoss-destaca-crescimento-e-inovacao\/\",\"name\":\"Conquista da Elemag Amister: pr\u00eamio na confer\u00eancia Danfoss destaca crescimento e inova\u00e7\u00e3o - Blog Elemag\",\"isPartOf\":{\"@id\":\"https:\/\/www.elemag.com.br\/blog\/#website\"},\"primaryImageOfPage\":{\"@id\":\"https:\/\/www.elemag.com.br\/blog\/elemag-amister\/conquista-da-elemag-premio-na-conferencia-danfoss-destaca-crescimento-e-inovacao\/#primaryimage\"},\"image\":{\"@id\":\"https:\/\/www.elemag.com.br\/blog\/elemag-amister\/conquista-da-elemag-premio-na-conferencia-danfoss-destaca-crescimento-e-inovacao\/#primaryimage\"},\"thumbnailUrl\":\"https:\/\/www.elemag.com.br\/blog\/wp-content\/uploads\/2025\/03\/1752609217_468e1c_e3360aacd39349ad8576801e0750efd9.jpg\",\"datePublished\":\"2025-03-03T19:46:50+00:00\",\"dateModified\":\"2026-01-12T18:15:34+00:00\",\"description\":\"Veja como a empresa se destacou e o impacto dessa premia\u00e7\u00e3o para clientes e parceiros.\",\"breadcrumb\":{\"@id\":\"https:\/\/www.elemag.com.br\/blog\/elemag-amister\/conquista-da-elemag-premio-na-conferencia-danfoss-destaca-crescimento-e-inovacao\/#breadcrumb\"},\"inLanguage\":\"pt-BR\",\"potentialAction\":[{\"@type\":\"ReadAction\",\"target\":[\"https:\/\/www.elemag.com.br\/blog\/elemag-amister\/conquista-da-elemag-premio-na-conferencia-danfoss-destaca-crescimento-e-inovacao\/\"]}]},{\"@type\":\"ImageObject\",\"inLanguage\":\"pt-BR\",\"@id\":\"https:\/\/www.elemag.com.br\/blog\/elemag-amister\/conquista-da-elemag-premio-na-conferencia-danfoss-destaca-crescimento-e-inovacao\/#primaryimage\",\"url\":\"https:\/\/www.elemag.com.br\/blog\/wp-content\/uploads\/2025\/03\/1752609217_468e1c_e3360aacd39349ad8576801e0750efd9.jpg\",\"contentUrl\":\"https:\/\/www.elemag.com.br\/blog\/wp-content\/uploads\/2025\/03\/1752609217_468e1c_e3360aacd39349ad8576801e0750efd9.jpg\",\"width\":1600,\"height\":900,\"caption\":\"Conquista da Elemag: pr\u00eamio na confer\u00eancia Danfoss destaca crescimento e inova\u00e7\u00e3o\"},{\"@type\":\"BreadcrumbList\",\"@id\":\"https:\/\/www.elemag.com.br\/blog\/elemag-amister\/conquista-da-elemag-premio-na-conferencia-danfoss-destaca-crescimento-e-inovacao\/#breadcrumb\",\"itemListElement\":[{\"@type\":\"ListItem\",\"position\":1,\"name\":\"In\u00edcio\",\"item\":\"https:\/\/www.elemag.com.br\/blog\/\"},{\"@type\":\"ListItem\",\"position\":2,\"name\":\"Conquista da Elemag Amister: pr\u00eamio na confer\u00eancia Danfoss destaca crescimento e inova\u00e7\u00e3o\"}]},{\"@type\":\"WebSite\",\"@id\":\"https:\/\/www.elemag.com.br\/blog\/#website\",\"url\":\"https:\/\/www.elemag.com.br\/blog\/\",\"name\":\"Blog Elemag\",\"description\":\"Especialistas em Inova\u00e7\u00f5es El\u00e9tricas\",\"publisher\":{\"@id\":\"https:\/\/www.elemag.com.br\/blog\/#organization\"},\"potentialAction\":[{\"@type\":\"SearchAction\",\"target\":{\"@type\":\"EntryPoint\",\"urlTemplate\":\"https:\/\/www.elemag.com.br\/blog\/?s={search_term_string}\"},\"query-input\":{\"@type\":\"PropertyValueSpecification\",\"valueRequired\":true,\"valueName\":\"search_term_string\"}}],\"inLanguage\":\"pt-BR\"},{\"@type\":\"Organization\",\"@id\":\"https:\/\/www.elemag.com.br\/blog\/#organization\",\"name\":\"Blog Elemag\",\"url\":\"https:\/\/www.elemag.com.br\/blog\/\",\"logo\":{\"@type\":\"ImageObject\",\"inLanguage\":\"pt-BR\",\"@id\":\"https:\/\/www.elemag.com.br\/blog\/#\/schema\/logo\/image\/\",\"url\":\"https:\/\/www.elemag.com.br\/blog\/wp-content\/uploads\/2024\/10\/logo-1.png\",\"contentUrl\":\"https:\/\/www.elemag.com.br\/blog\/wp-content\/uploads\/2024\/10\/logo-1.png\",\"width\":1920,\"height\":347,\"caption\":\"Blog Elemag\"},\"image\":{\"@id\":\"https:\/\/www.elemag.com.br\/blog\/#\/schema\/logo\/image\/\"}},{\"@type\":\"Person\",\"@id\":\"https:\/\/www.elemag.com.br\/blog\/#\/schema\/person\/d241385bbe2867bea5cfd8918950489b\",\"name\":\"admin\",\"image\":{\"@type\":\"ImageObject\",\"inLanguage\":\"pt-BR\",\"@id\":\"https:\/\/www.elemag.com.br\/blog\/#\/schema\/person\/image\/\",\"url\":\"https:\/\/secure.gravatar.com\/avatar\/?s=96&d=mm&r=g\",\"contentUrl\":\"https:\/\/secure.gravatar.com\/avatar\/?s=96&d=mm&r=g\",\"caption\":\"admin\"},\"sameAs\":[\"https:\/\/www.elemag.com.br\/blog\"],\"url\":\"https:\/\/www.elemag.com.br\/blog\/author\/admin\/\"}]}<\/script>\n<!-- \/ Yoast SEO plugin. -->","yoast_head_json":{"title":"Conquista da Elemag Amister: pr\u00eamio na confer\u00eancia Danfoss destaca crescimento e inova\u00e7\u00e3o - Blog Elemag","description":"Veja como a empresa se destacou e o impacto dessa premia\u00e7\u00e3o para clientes e parceiros.","robots":{"index":"index","follow":"follow","max-snippet":"max-snippet:-1","max-image-preview":"max-image-preview:large","max-video-preview":"max-video-preview:-1"},"canonical":"https:\/\/www.elemag.com.br\/blog\/elemag-amister\/conquista-da-elemag-premio-na-conferencia-danfoss-destaca-crescimento-e-inovacao\/","og_locale":"pt_BR","og_type":"article","og_title":"Conquista da Elemag Amister: pr\u00eamio na confer\u00eancia Danfoss destaca crescimento e inova\u00e7\u00e3o - Blog Elemag","og_description":"Veja como a empresa se destacou e o impacto dessa premia\u00e7\u00e3o para clientes e parceiros.","og_url":"https:\/\/www.elemag.com.br\/blog\/elemag-amister\/conquista-da-elemag-premio-na-conferencia-danfoss-destaca-crescimento-e-inovacao\/","og_site_name":"Blog Elemag","article_published_time":"2025-03-03T19:46:50+00:00","article_modified_time":"2026-01-12T18:15:34+00:00","og_image":[{"width":1600,"height":900,"url":"https:\/\/www.elemag.com.br\/blog\/wp-content\/uploads\/2025\/03\/1752609217_468e1c_e3360aacd39349ad8576801e0750efd9.jpg","type":"image\/jpeg"}],"author":"admin","twitter_card":"summary_large_image","twitter_misc":{"Escrito por":"admin","Est. tempo de leitura":"7 minutos"},"schema":{"@context":"https:\/\/schema.org","@graph":[{"@type":"Article","@id":"https:\/\/www.elemag.com.br\/blog\/elemag-amister\/conquista-da-elemag-premio-na-conferencia-danfoss-destaca-crescimento-e-inovacao\/#article","isPartOf":{"@id":"https:\/\/www.elemag.com.br\/blog\/elemag-amister\/conquista-da-elemag-premio-na-conferencia-danfoss-destaca-crescimento-e-inovacao\/"},"author":{"name":"admin","@id":"https:\/\/www.elemag.com.br\/blog\/#\/schema\/person\/d241385bbe2867bea5cfd8918950489b"},"headline":"Conquista da Elemag Amister: pr\u00eamio na confer\u00eancia Danfoss destaca crescimento e inova\u00e7\u00e3o","datePublished":"2025-03-03T19:46:50+00:00","dateModified":"2026-01-12T18:15:34+00:00","mainEntityOfPage":{"@id":"https:\/\/www.elemag.com.br\/blog\/elemag-amister\/conquista-da-elemag-premio-na-conferencia-danfoss-destaca-crescimento-e-inovacao\/"},"wordCount":1258,"commentCount":0,"publisher":{"@id":"https:\/\/www.elemag.com.br\/blog\/#organization"},"image":{"@id":"https:\/\/www.elemag.com.br\/blog\/elemag-amister\/conquista-da-elemag-premio-na-conferencia-danfoss-destaca-crescimento-e-inovacao\/#primaryimage"},"thumbnailUrl":"https:\/\/www.elemag.com.br\/blog\/wp-content\/uploads\/2025\/03\/1752609217_468e1c_e3360aacd39349ad8576801e0750efd9.jpg","keywords":["Confer\u00eancia Danfoss","Danfoss Drives Innovate","Danfoss Drives Innovate Brasil","Elemag Amister","Empresa premiada","Eventos de inova\u00e7\u00e3o industrial","Ind\u00fastria el\u00e9trica","Ind\u00fastria el\u00e9trica nacional","Inova\u00e7\u00e3o no setor de materiais el\u00e9tricos","Inova\u00e7\u00e3o no setor industrial","Premia\u00e7\u00e3o Danfoss","Pr\u00eamio PEP","Pr\u00eamio PEP 2024","Setor de materiais el\u00e9tricos","Tecnologias sustent\u00e1veis"],"articleSection":["Elemag Amister"],"inLanguage":"pt-BR","potentialAction":[{"@type":"CommentAction","name":"Comment","target":["https:\/\/www.elemag.com.br\/blog\/elemag-amister\/conquista-da-elemag-premio-na-conferencia-danfoss-destaca-crescimento-e-inovacao\/#respond"]}]},{"@type":"WebPage","@id":"https:\/\/www.elemag.com.br\/blog\/elemag-amister\/conquista-da-elemag-premio-na-conferencia-danfoss-destaca-crescimento-e-inovacao\/","url":"https:\/\/www.elemag.com.br\/blog\/elemag-amister\/conquista-da-elemag-premio-na-conferencia-danfoss-destaca-crescimento-e-inovacao\/","name":"Conquista da Elemag Amister: pr\u00eamio na confer\u00eancia Danfoss destaca crescimento e inova\u00e7\u00e3o - Blog Elemag","isPartOf":{"@id":"https:\/\/www.elemag.com.br\/blog\/#website"},"primaryImageOfPage":{"@id":"https:\/\/www.elemag.com.br\/blog\/elemag-amister\/conquista-da-elemag-premio-na-conferencia-danfoss-destaca-crescimento-e-inovacao\/#primaryimage"},"image":{"@id":"https:\/\/www.elemag.com.br\/blog\/elemag-amister\/conquista-da-elemag-premio-na-conferencia-danfoss-destaca-crescimento-e-inovacao\/#primaryimage"},"thumbnailUrl":"https:\/\/www.elemag.com.br\/blog\/wp-content\/uploads\/2025\/03\/1752609217_468e1c_e3360aacd39349ad8576801e0750efd9.jpg","datePublished":"2025-03-03T19:46:50+00:00","dateModified":"2026-01-12T18:15:34+00:00","description":"Veja como a empresa se destacou e o impacto dessa premia\u00e7\u00e3o para clientes e parceiros.","breadcrumb":{"@id":"https:\/\/www.elemag.com.br\/blog\/elemag-amister\/conquista-da-elemag-premio-na-conferencia-danfoss-destaca-crescimento-e-inovacao\/#breadcrumb"},"inLanguage":"pt-BR","potentialAction":[{"@type":"ReadAction","target":["https:\/\/www.elemag.com.br\/blog\/elemag-amister\/conquista-da-elemag-premio-na-conferencia-danfoss-destaca-crescimento-e-inovacao\/"]}]},{"@type":"ImageObject","inLanguage":"pt-BR","@id":"https:\/\/www.elemag.com.br\/blog\/elemag-amister\/conquista-da-elemag-premio-na-conferencia-danfoss-destaca-crescimento-e-inovacao\/#primaryimage","url":"https:\/\/www.elemag.com.br\/blog\/wp-content\/uploads\/2025\/03\/1752609217_468e1c_e3360aacd39349ad8576801e0750efd9.jpg","contentUrl":"https:\/\/www.elemag.com.br\/blog\/wp-content\/uploads\/2025\/03\/1752609217_468e1c_e3360aacd39349ad8576801e0750efd9.jpg","width":1600,"height":900,"caption":"Conquista da Elemag: pr\u00eamio na confer\u00eancia Danfoss destaca crescimento e inova\u00e7\u00e3o"},{"@type":"BreadcrumbList","@id":"https:\/\/www.elemag.com.br\/blog\/elemag-amister\/conquista-da-elemag-premio-na-conferencia-danfoss-destaca-crescimento-e-inovacao\/#breadcrumb","itemListElement":[{"@type":"ListItem","position":1,"name":"In\u00edcio","item":"https:\/\/www.elemag.com.br\/blog\/"},{"@type":"ListItem","position":2,"name":"Conquista da Elemag Amister: pr\u00eamio na confer\u00eancia Danfoss destaca crescimento e inova\u00e7\u00e3o"}]},{"@type":"WebSite","@id":"https:\/\/www.elemag.com.br\/blog\/#website","url":"https:\/\/www.elemag.com.br\/blog\/","name":"Blog Elemag","description":"Especialistas em Inova\u00e7\u00f5es El\u00e9tricas","publisher":{"@id":"https:\/\/www.elemag.com.br\/blog\/#organization"},"potentialAction":[{"@type":"SearchAction","target":{"@type":"EntryPoint","urlTemplate":"https:\/\/www.elemag.com.br\/blog\/?s={search_term_string}"},"query-input":{"@type":"PropertyValueSpecification","valueRequired":true,"valueName":"search_term_string"}}],"inLanguage":"pt-BR"},{"@type":"Organization","@id":"https:\/\/www.elemag.com.br\/blog\/#organization","name":"Blog Elemag","url":"https:\/\/www.elemag.com.br\/blog\/","logo":{"@type":"ImageObject","inLanguage":"pt-BR","@id":"https:\/\/www.elemag.com.br\/blog\/#\/schema\/logo\/image\/","url":"https:\/\/www.elemag.com.br\/blog\/wp-content\/uploads\/2024\/10\/logo-1.png","contentUrl":"https:\/\/www.elemag.com.br\/blog\/wp-content\/uploads\/2024\/10\/logo-1.png","width":1920,"height":347,"caption":"Blog Elemag"},"image":{"@id":"https:\/\/www.elemag.com.br\/blog\/#\/schema\/logo\/image\/"}},{"@type":"Person","@id":"https:\/\/www.elemag.com.br\/blog\/#\/schema\/person\/d241385bbe2867bea5cfd8918950489b","name":"admin","image":{"@type":"ImageObject","inLanguage":"pt-BR","@id":"https:\/\/www.elemag.com.br\/blog\/#\/schema\/person\/image\/","url":"https:\/\/secure.gravatar.com\/avatar\/?s=96&d=mm&r=g","contentUrl":"https:\/\/secure.gravatar.com\/avatar\/?s=96&d=mm&r=g","caption":"admin"},"sameAs":["https:\/\/www.elemag.com.br\/blog"],"url":"https:\/\/www.elemag.com.br\/blog\/author\/admin\/"}]}},"_links":{"self":[{"href":"https:\/\/www.elemag.com.br\/blog\/wp-json\/wp\/v2\/posts\/70","targetHints":{"allow":["GET"]}}],"collection":[{"href":"https:\/\/www.elemag.com.br\/blog\/wp-json\/wp\/v2\/posts"}],"about":[{"href":"https:\/\/www.elemag.com.br\/blog\/wp-json\/wp\/v2\/types\/post"}],"author":[{"embeddable":true,"href":"https:\/\/www.elemag.com.br\/blog\/wp-json\/wp\/v2\/users\/1"}],"replies":[{"embeddable":true,"href":"https:\/\/www.elemag.com.br\/blog\/wp-json\/wp\/v2\/comments?post=70"}],"version-history":[{"count":2,"href":"https:\/\/www.elemag.com.br\/blog\/wp-json\/wp\/v2\/posts\/70\/revisions"}],"predecessor-version":[{"id":208,"href":"https:\/\/www.elemag.com.br\/blog\/wp-json\/wp\/v2\/posts\/70\/revisions\/208"}],"wp:featuredmedia":[{"embeddable":true,"href":"https:\/\/www.elemag.com.br\/blog\/wp-json\/wp\/v2\/media\/153"}],"wp:attachment":[{"href":"https:\/\/www.elemag.com.br\/blog\/wp-json\/wp\/v2\/media?parent=70"}],"wp:term":[{"taxonomy":"category","embeddable":true,"href":"https:\/\/www.elemag.com.br\/blog\/wp-json\/wp\/v2\/categories?post=70"},{"taxonomy":"post_tag","embeddable":true,"href":"https:\/\/www.elemag.com.br\/blog\/wp-json\/wp\/v2\/tags?post=70"}],"curies":[{"name":"wp","href":"https:\/\/api.w.org\/{rel}","templated":true}]}}