{"id":20,"date":"2024-09-20T11:36:05","date_gmt":"2024-09-20T14:36:05","guid":{"rendered":"https:\/\/www.elemag.com.br\/blog\/?p=20"},"modified":"2025-02-14T10:57:55","modified_gmt":"2025-02-14T13:57:55","slug":"elemag-amister-na-campanha-do-agasalho-da-sabesp","status":"publish","type":"post","link":"https:\/\/www.elemag.com.br\/blog\/sem-categoria\/elemag-amister-na-campanha-do-agasalho-da-sabesp\/","title":{"rendered":"Elemag Amister na Campanha do Agasalho da Sabesp!"},"content":{"rendered":"\n<p>Com grande satisfa\u00e7\u00e3o, anunciamos que a Elemag Amister se uniu \u00e0 Campanha do Agasalho da Sabesp para contribuir com a solidariedade e o bem-estar das comunidades em que atuamos. <\/p>\n\n\n\n<p>Nossa doa\u00e7\u00e3o faz parte do compromisso social da empresa em promover a\u00e7\u00f5es que ajudam a transformar a realidade de fam\u00edlias em situa\u00e7\u00e3o de vulnerabilidade, especialmente durante o inverno.<\/p>\n\n\n\n<p>A Campanha do Agasalho, promovida pelo Fundo Social de S\u00e3o Paulo, \u00e9 uma iniciativa essencial que arrecada roupas e cobertores para pessoas que precisam de apoio. <\/p>\n\n\n\n<p>Ficamos felizes em fazer parte dessa causa e contribuir para um futuro mais acolhedor e solid\u00e1rio.<br>Continue acompanhando nossas a\u00e7\u00f5es sociais e saiba como, juntos, podemos fazer a diferen\u00e7a!<\/p>\n\n\n\n<h1 class=\"wp-block-heading\">SomosSolid\u00e1rios #ElemagAmister<\/h1>\n","protected":false},"excerpt":{"rendered":"<p>Com grande satisfa\u00e7\u00e3o, anunciamos que a Elemag Amister se uniu \u00e0 Campanha do Agasalho da Sabesp para contribuir com a solidariedade e o bem-estar das comunidades em que atuamos. Nossa doa\u00e7\u00e3o faz parte do compromisso social da empresa em promover a\u00e7\u00f5es que ajudam a transformar a realidade de fam\u00edlias em situa\u00e7\u00e3o de vulnerabilidade, especialmente durante &hellip; <\/p>\n","protected":false},"author":1,"featured_media":62,"comment_status":"open","ping_status":"open","sticky":false,"template":"","format":"standard","meta":{"footnotes":""},"categories":[1],"tags":[33,32],"class_list":["post-20","post","type-post","status-publish","format-standard","has-post-thumbnail","hentry","category-sem-categoria","tag-campanha-do-agasalho-da-sabesp","tag-elemag-amister-na-campanha-do-agasalho-da-sabesp"],"yoast_head":"<!-- This site is optimized with the Yoast SEO plugin v24.8.1 - https:\/\/yoast.com\/wordpress\/plugins\/seo\/ -->\n<title>Elemag Amister na Campanha do Agasalho da Sabesp! - Blog Elemag<\/title>\n<meta name=\"robots\" content=\"index, follow, max-snippet:-1, max-image-preview:large, max-video-preview:-1\" \/>\n<link rel=\"canonical\" href=\"https:\/\/www.elemag.com.br\/blog\/sem-categoria\/elemag-amister-na-campanha-do-agasalho-da-sabesp\/\" \/>\n<meta property=\"og:locale\" content=\"pt_BR\" \/>\n<meta property=\"og:type\" content=\"article\" \/>\n<meta property=\"og:title\" content=\"Elemag Amister na Campanha do Agasalho da Sabesp! - Blog Elemag\" \/>\n<meta property=\"og:description\" content=\"Com grande satisfa\u00e7\u00e3o, anunciamos que a Elemag Amister se uniu \u00e0 Campanha do Agasalho da Sabesp para contribuir com a solidariedade e o bem-estar das comunidades em que atuamos. Nossa doa\u00e7\u00e3o faz parte do compromisso social da empresa em promover a\u00e7\u00f5es que ajudam a transformar a realidade de fam\u00edlias em situa\u00e7\u00e3o de vulnerabilidade, especialmente durante &hellip;\" \/>\n<meta property=\"og:url\" content=\"https:\/\/www.elemag.com.br\/blog\/sem-categoria\/elemag-amister-na-campanha-do-agasalho-da-sabesp\/\" \/>\n<meta property=\"og:site_name\" content=\"Blog Elemag\" \/>\n<meta property=\"article:published_time\" content=\"2024-09-20T14:36:05+00:00\" \/>\n<meta property=\"article:modified_time\" content=\"2025-02-14T13:57:55+00:00\" \/>\n<meta property=\"og:image\" content=\"https:\/\/www.elemag.com.br\/blog\/wp-content\/uploads\/2024\/09\/Elemag-Amister-na-Campanha-do-Agasalho-da-Sabesp.jpg\" \/>\n\t<meta property=\"og:image:width\" content=\"1800\" \/>\n\t<meta property=\"og:image:height\" content=\"1200\" \/>\n\t<meta property=\"og:image:type\" content=\"image\/jpeg\" \/>\n<meta name=\"author\" content=\"admin\" \/>\n<meta name=\"twitter:card\" content=\"summary_large_image\" \/>\n<meta name=\"twitter:label1\" content=\"Escrito por\" \/>\n\t<meta name=\"twitter:data1\" content=\"admin\" \/>\n\t<meta name=\"twitter:label2\" content=\"Est. tempo de leitura\" \/>\n\t<meta name=\"twitter:data2\" content=\"1 minuto\" \/>\n<script type=\"application\/ld+json\" class=\"yoast-schema-graph\">{\"@context\":\"https:\/\/schema.org\",\"@graph\":[{\"@type\":\"Article\",\"@id\":\"https:\/\/www.elemag.com.br\/blog\/sem-categoria\/elemag-amister-na-campanha-do-agasalho-da-sabesp\/#article\",\"isPartOf\":{\"@id\":\"https:\/\/www.elemag.com.br\/blog\/sem-categoria\/elemag-amister-na-campanha-do-agasalho-da-sabesp\/\"},\"author\":{\"name\":\"admin\",\"@id\":\"https:\/\/www.elemag.com.br\/blog\/#\/schema\/person\/d241385bbe2867bea5cfd8918950489b\"},\"headline\":\"Elemag Amister na Campanha do Agasalho da Sabesp!\",\"datePublished\":\"2024-09-20T14:36:05+00:00\",\"dateModified\":\"2025-02-14T13:57:55+00:00\",\"mainEntityOfPage\":{\"@id\":\"https:\/\/www.elemag.com.br\/blog\/sem-categoria\/elemag-amister-na-campanha-do-agasalho-da-sabesp\/\"},\"wordCount\":130,\"commentCount\":0,\"publisher\":{\"@id\":\"https:\/\/www.elemag.com.br\/blog\/#organization\"},\"image\":{\"@id\":\"https:\/\/www.elemag.com.br\/blog\/sem-categoria\/elemag-amister-na-campanha-do-agasalho-da-sabesp\/#primaryimage\"},\"thumbnailUrl\":\"https:\/\/www.elemag.com.br\/blog\/wp-content\/uploads\/2024\/09\/Elemag-Amister-na-Campanha-do-Agasalho-da-Sabesp.jpg\",\"keywords\":[\"Campanha do Agasalho da Sabesp!\",\"Elemag Amister na Campanha do Agasalho da Sabesp!\"],\"inLanguage\":\"pt-BR\",\"potentialAction\":[{\"@type\":\"CommentAction\",\"name\":\"Comment\",\"target\":[\"https:\/\/www.elemag.com.br\/blog\/sem-categoria\/elemag-amister-na-campanha-do-agasalho-da-sabesp\/#respond\"]}]},{\"@type\":\"WebPage\",\"@id\":\"https:\/\/www.elemag.com.br\/blog\/sem-categoria\/elemag-amister-na-campanha-do-agasalho-da-sabesp\/\",\"url\":\"https:\/\/www.elemag.com.br\/blog\/sem-categoria\/elemag-amister-na-campanha-do-agasalho-da-sabesp\/\",\"name\":\"Elemag Amister na Campanha do Agasalho da Sabesp! - Blog Elemag\",\"isPartOf\":{\"@id\":\"https:\/\/www.elemag.com.br\/blog\/#website\"},\"primaryImageOfPage\":{\"@id\":\"https:\/\/www.elemag.com.br\/blog\/sem-categoria\/elemag-amister-na-campanha-do-agasalho-da-sabesp\/#primaryimage\"},\"image\":{\"@id\":\"https:\/\/www.elemag.com.br\/blog\/sem-categoria\/elemag-amister-na-campanha-do-agasalho-da-sabesp\/#primaryimage\"},\"thumbnailUrl\":\"https:\/\/www.elemag.com.br\/blog\/wp-content\/uploads\/2024\/09\/Elemag-Amister-na-Campanha-do-Agasalho-da-Sabesp.jpg\",\"datePublished\":\"2024-09-20T14:36:05+00:00\",\"dateModified\":\"2025-02-14T13:57:55+00:00\",\"breadcrumb\":{\"@id\":\"https:\/\/www.elemag.com.br\/blog\/sem-categoria\/elemag-amister-na-campanha-do-agasalho-da-sabesp\/#breadcrumb\"},\"inLanguage\":\"pt-BR\",\"potentialAction\":[{\"@type\":\"ReadAction\",\"target\":[\"https:\/\/www.elemag.com.br\/blog\/sem-categoria\/elemag-amister-na-campanha-do-agasalho-da-sabesp\/\"]}]},{\"@type\":\"ImageObject\",\"inLanguage\":\"pt-BR\",\"@id\":\"https:\/\/www.elemag.com.br\/blog\/sem-categoria\/elemag-amister-na-campanha-do-agasalho-da-sabesp\/#primaryimage\",\"url\":\"https:\/\/www.elemag.com.br\/blog\/wp-content\/uploads\/2024\/09\/Elemag-Amister-na-Campanha-do-Agasalho-da-Sabesp.jpg\",\"contentUrl\":\"https:\/\/www.elemag.com.br\/blog\/wp-content\/uploads\/2024\/09\/Elemag-Amister-na-Campanha-do-Agasalho-da-Sabesp.jpg\",\"width\":1800,\"height\":1200,\"caption\":\"Elemag Amister na Campanha do Agasalho da Sabesp!\"},{\"@type\":\"BreadcrumbList\",\"@id\":\"https:\/\/www.elemag.com.br\/blog\/sem-categoria\/elemag-amister-na-campanha-do-agasalho-da-sabesp\/#breadcrumb\",\"itemListElement\":[{\"@type\":\"ListItem\",\"position\":1,\"name\":\"In\u00edcio\",\"item\":\"https:\/\/www.elemag.com.br\/blog\/\"},{\"@type\":\"ListItem\",\"position\":2,\"name\":\"Elemag Amister na Campanha do Agasalho da Sabesp!\"}]},{\"@type\":\"WebSite\",\"@id\":\"https:\/\/www.elemag.com.br\/blog\/#website\",\"url\":\"https:\/\/www.elemag.com.br\/blog\/\",\"name\":\"Blog Elemag\",\"description\":\"Especialistas em Inova\u00e7\u00f5es El\u00e9tricas\",\"publisher\":{\"@id\":\"https:\/\/www.elemag.com.br\/blog\/#organization\"},\"potentialAction\":[{\"@type\":\"SearchAction\",\"target\":{\"@type\":\"EntryPoint\",\"urlTemplate\":\"https:\/\/www.elemag.com.br\/blog\/?s={search_term_string}\"},\"query-input\":{\"@type\":\"PropertyValueSpecification\",\"valueRequired\":true,\"valueName\":\"search_term_string\"}}],\"inLanguage\":\"pt-BR\"},{\"@type\":\"Organization\",\"@id\":\"https:\/\/www.elemag.com.br\/blog\/#organization\",\"name\":\"Blog Elemag\",\"url\":\"https:\/\/www.elemag.com.br\/blog\/\",\"logo\":{\"@type\":\"ImageObject\",\"inLanguage\":\"pt-BR\",\"@id\":\"https:\/\/www.elemag.com.br\/blog\/#\/schema\/logo\/image\/\",\"url\":\"https:\/\/www.elemag.com.br\/blog\/wp-content\/uploads\/2024\/10\/logo-1.png\",\"contentUrl\":\"https:\/\/www.elemag.com.br\/blog\/wp-content\/uploads\/2024\/10\/logo-1.png\",\"width\":1920,\"height\":347,\"caption\":\"Blog Elemag\"},\"image\":{\"@id\":\"https:\/\/www.elemag.com.br\/blog\/#\/schema\/logo\/image\/\"}},{\"@type\":\"Person\",\"@id\":\"https:\/\/www.elemag.com.br\/blog\/#\/schema\/person\/d241385bbe2867bea5cfd8918950489b\",\"name\":\"admin\",\"image\":{\"@type\":\"ImageObject\",\"inLanguage\":\"pt-BR\",\"@id\":\"https:\/\/www.elemag.com.br\/blog\/#\/schema\/person\/image\/\",\"url\":\"https:\/\/secure.gravatar.com\/avatar\/?s=96&d=mm&r=g\",\"contentUrl\":\"https:\/\/secure.gravatar.com\/avatar\/?s=96&d=mm&r=g\",\"caption\":\"admin\"},\"sameAs\":[\"https:\/\/www.elemag.com.br\/blog\"],\"url\":\"https:\/\/www.elemag.com.br\/blog\/author\/admin\/\"}]}<\/script>\n<!-- \/ Yoast SEO plugin. -->","yoast_head_json":{"title":"Elemag Amister na Campanha do Agasalho da Sabesp! - Blog Elemag","robots":{"index":"index","follow":"follow","max-snippet":"max-snippet:-1","max-image-preview":"max-image-preview:large","max-video-preview":"max-video-preview:-1"},"canonical":"https:\/\/www.elemag.com.br\/blog\/sem-categoria\/elemag-amister-na-campanha-do-agasalho-da-sabesp\/","og_locale":"pt_BR","og_type":"article","og_title":"Elemag Amister na Campanha do Agasalho da Sabesp! - Blog Elemag","og_description":"Com grande satisfa\u00e7\u00e3o, anunciamos que a Elemag Amister se uniu \u00e0 Campanha do Agasalho da Sabesp para contribuir com a solidariedade e o bem-estar das comunidades em que atuamos. Nossa doa\u00e7\u00e3o faz parte do compromisso social da empresa em promover a\u00e7\u00f5es que ajudam a transformar a realidade de fam\u00edlias em situa\u00e7\u00e3o de vulnerabilidade, especialmente durante &hellip;","og_url":"https:\/\/www.elemag.com.br\/blog\/sem-categoria\/elemag-amister-na-campanha-do-agasalho-da-sabesp\/","og_site_name":"Blog Elemag","article_published_time":"2024-09-20T14:36:05+00:00","article_modified_time":"2025-02-14T13:57:55+00:00","og_image":[{"width":1800,"height":1200,"url":"https:\/\/www.elemag.com.br\/blog\/wp-content\/uploads\/2024\/09\/Elemag-Amister-na-Campanha-do-Agasalho-da-Sabesp.jpg","type":"image\/jpeg"}],"author":"admin","twitter_card":"summary_large_image","twitter_misc":{"Escrito por":"admin","Est. tempo de leitura":"1 minuto"},"schema":{"@context":"https:\/\/schema.org","@graph":[{"@type":"Article","@id":"https:\/\/www.elemag.com.br\/blog\/sem-categoria\/elemag-amister-na-campanha-do-agasalho-da-sabesp\/#article","isPartOf":{"@id":"https:\/\/www.elemag.com.br\/blog\/sem-categoria\/elemag-amister-na-campanha-do-agasalho-da-sabesp\/"},"author":{"name":"admin","@id":"https:\/\/www.elemag.com.br\/blog\/#\/schema\/person\/d241385bbe2867bea5cfd8918950489b"},"headline":"Elemag Amister na Campanha do Agasalho da Sabesp!","datePublished":"2024-09-20T14:36:05+00:00","dateModified":"2025-02-14T13:57:55+00:00","mainEntityOfPage":{"@id":"https:\/\/www.elemag.com.br\/blog\/sem-categoria\/elemag-amister-na-campanha-do-agasalho-da-sabesp\/"},"wordCount":130,"commentCount":0,"publisher":{"@id":"https:\/\/www.elemag.com.br\/blog\/#organization"},"image":{"@id":"https:\/\/www.elemag.com.br\/blog\/sem-categoria\/elemag-amister-na-campanha-do-agasalho-da-sabesp\/#primaryimage"},"thumbnailUrl":"https:\/\/www.elemag.com.br\/blog\/wp-content\/uploads\/2024\/09\/Elemag-Amister-na-Campanha-do-Agasalho-da-Sabesp.jpg","keywords":["Campanha do Agasalho da Sabesp!","Elemag Amister na Campanha do Agasalho da Sabesp!"],"inLanguage":"pt-BR","potentialAction":[{"@type":"CommentAction","name":"Comment","target":["https:\/\/www.elemag.com.br\/blog\/sem-categoria\/elemag-amister-na-campanha-do-agasalho-da-sabesp\/#respond"]}]},{"@type":"WebPage","@id":"https:\/\/www.elemag.com.br\/blog\/sem-categoria\/elemag-amister-na-campanha-do-agasalho-da-sabesp\/","url":"https:\/\/www.elemag.com.br\/blog\/sem-categoria\/elemag-amister-na-campanha-do-agasalho-da-sabesp\/","name":"Elemag Amister na Campanha do Agasalho da Sabesp! - Blog Elemag","isPartOf":{"@id":"https:\/\/www.elemag.com.br\/blog\/#website"},"primaryImageOfPage":{"@id":"https:\/\/www.elemag.com.br\/blog\/sem-categoria\/elemag-amister-na-campanha-do-agasalho-da-sabesp\/#primaryimage"},"image":{"@id":"https:\/\/www.elemag.com.br\/blog\/sem-categoria\/elemag-amister-na-campanha-do-agasalho-da-sabesp\/#primaryimage"},"thumbnailUrl":"https:\/\/www.elemag.com.br\/blog\/wp-content\/uploads\/2024\/09\/Elemag-Amister-na-Campanha-do-Agasalho-da-Sabesp.jpg","datePublished":"2024-09-20T14:36:05+00:00","dateModified":"2025-02-14T13:57:55+00:00","breadcrumb":{"@id":"https:\/\/www.elemag.com.br\/blog\/sem-categoria\/elemag-amister-na-campanha-do-agasalho-da-sabesp\/#breadcrumb"},"inLanguage":"pt-BR","potentialAction":[{"@type":"ReadAction","target":["https:\/\/www.elemag.com.br\/blog\/sem-categoria\/elemag-amister-na-campanha-do-agasalho-da-sabesp\/"]}]},{"@type":"ImageObject","inLanguage":"pt-BR","@id":"https:\/\/www.elemag.com.br\/blog\/sem-categoria\/elemag-amister-na-campanha-do-agasalho-da-sabesp\/#primaryimage","url":"https:\/\/www.elemag.com.br\/blog\/wp-content\/uploads\/2024\/09\/Elemag-Amister-na-Campanha-do-Agasalho-da-Sabesp.jpg","contentUrl":"https:\/\/www.elemag.com.br\/blog\/wp-content\/uploads\/2024\/09\/Elemag-Amister-na-Campanha-do-Agasalho-da-Sabesp.jpg","width":1800,"height":1200,"caption":"Elemag Amister na Campanha do Agasalho da Sabesp!"},{"@type":"BreadcrumbList","@id":"https:\/\/www.elemag.com.br\/blog\/sem-categoria\/elemag-amister-na-campanha-do-agasalho-da-sabesp\/#breadcrumb","itemListElement":[{"@type":"ListItem","position":1,"name":"In\u00edcio","item":"https:\/\/www.elemag.com.br\/blog\/"},{"@type":"ListItem","position":2,"name":"Elemag Amister na Campanha do Agasalho da Sabesp!"}]},{"@type":"WebSite","@id":"https:\/\/www.elemag.com.br\/blog\/#website","url":"https:\/\/www.elemag.com.br\/blog\/","name":"Blog Elemag","description":"Especialistas em Inova\u00e7\u00f5es El\u00e9tricas","publisher":{"@id":"https:\/\/www.elemag.com.br\/blog\/#organization"},"potentialAction":[{"@type":"SearchAction","target":{"@type":"EntryPoint","urlTemplate":"https:\/\/www.elemag.com.br\/blog\/?s={search_term_string}"},"query-input":{"@type":"PropertyValueSpecification","valueRequired":true,"valueName":"search_term_string"}}],"inLanguage":"pt-BR"},{"@type":"Organization","@id":"https:\/\/www.elemag.com.br\/blog\/#organization","name":"Blog Elemag","url":"https:\/\/www.elemag.com.br\/blog\/","logo":{"@type":"ImageObject","inLanguage":"pt-BR","@id":"https:\/\/www.elemag.com.br\/blog\/#\/schema\/logo\/image\/","url":"https:\/\/www.elemag.com.br\/blog\/wp-content\/uploads\/2024\/10\/logo-1.png","contentUrl":"https:\/\/www.elemag.com.br\/blog\/wp-content\/uploads\/2024\/10\/logo-1.png","width":1920,"height":347,"caption":"Blog Elemag"},"image":{"@id":"https:\/\/www.elemag.com.br\/blog\/#\/schema\/logo\/image\/"}},{"@type":"Person","@id":"https:\/\/www.elemag.com.br\/blog\/#\/schema\/person\/d241385bbe2867bea5cfd8918950489b","name":"admin","image":{"@type":"ImageObject","inLanguage":"pt-BR","@id":"https:\/\/www.elemag.com.br\/blog\/#\/schema\/person\/image\/","url":"https:\/\/secure.gravatar.com\/avatar\/?s=96&d=mm&r=g","contentUrl":"https:\/\/secure.gravatar.com\/avatar\/?s=96&d=mm&r=g","caption":"admin"},"sameAs":["https:\/\/www.elemag.com.br\/blog"],"url":"https:\/\/www.elemag.com.br\/blog\/author\/admin\/"}]}},"_links":{"self":[{"href":"https:\/\/www.elemag.com.br\/blog\/wp-json\/wp\/v2\/posts\/20","targetHints":{"allow":["GET"]}}],"collection":[{"href":"https:\/\/www.elemag.com.br\/blog\/wp-json\/wp\/v2\/posts"}],"about":[{"href":"https:\/\/www.elemag.com.br\/blog\/wp-json\/wp\/v2\/types\/post"}],"author":[{"embeddable":true,"href":"https:\/\/www.elemag.com.br\/blog\/wp-json\/wp\/v2\/users\/1"}],"replies":[{"embeddable":true,"href":"https:\/\/www.elemag.com.br\/blog\/wp-json\/wp\/v2\/comments?post=20"}],"version-history":[{"count":1,"href":"https:\/\/www.elemag.com.br\/blog\/wp-json\/wp\/v2\/posts\/20\/revisions"}],"predecessor-version":[{"id":22,"href":"https:\/\/www.elemag.com.br\/blog\/wp-json\/wp\/v2\/posts\/20\/revisions\/22"}],"wp:featuredmedia":[{"embeddable":true,"href":"https:\/\/www.elemag.com.br\/blog\/wp-json\/wp\/v2\/media\/62"}],"wp:attachment":[{"href":"https:\/\/www.elemag.com.br\/blog\/wp-json\/wp\/v2\/media?parent=20"}],"wp:term":[{"taxonomy":"category","embeddable":true,"href":"https:\/\/www.elemag.com.br\/blog\/wp-json\/wp\/v2\/categories?post=20"},{"taxonomy":"post_tag","embeddable":true,"href":"https:\/\/www.elemag.com.br\/blog\/wp-json\/wp\/v2\/tags?post=20"}],"curies":[{"name":"wp","href":"https:\/\/api.w.org\/{rel}","templated":true}]}}